{"id":881,"date":"2025-03-03T10:00:39","date_gmt":"2025-03-03T09:00:39","guid":{"rendered":"https:\/\/catholique-francophone-norvege.com\/?p=881"},"modified":"2025-03-03T10:10:41","modified_gmt":"2025-03-03T09:10:41","slug":"agenda-du-temps-de-careme-2025","status":"publish","type":"post","link":"https:\/\/catholique-francophone-norvege.com\/index.php\/2025\/03\/03\/agenda-du-temps-de-careme-2025\/","title":{"rendered":"AGENDA DU TEMPS DE CAR\u00caME 2025"},"content":{"rendered":"\t\t<div data-elementor-type=\"wp-post\" data-elementor-id=\"881\" class=\"elementor elementor-881\">\n\t\t\t\t<div class=\"elementor-element elementor-element-a8b65e5 e-flex e-con-boxed e-con e-parent\" data-id=\"a8b65e5\" data-element_type=\"container\">\n\t\t\t\t\t<div class=\"e-con-inner\">\n\t\t<div class=\"elementor-element elementor-element-8489e8d e-con-full e-flex e-con e-child\" data-id=\"8489e8d\" data-element_type=\"container\">\n\t\t\t\t<div class=\"elementor-element elementor-element-8d310c4 elementor-widget elementor-widget-image\" data-id=\"8d310c4\" data-element_type=\"widget\" data-widget_type=\"image.default\">\n\t\t\t\t<div class=\"elementor-widget-container\">\n\t\t\t\t\t\t\t\t\t\t\t\t\t\t\t<img fetchpriority=\"high\" decoding=\"async\" width=\"526\" height=\"539\" src=\"https:\/\/catholique-francophone-norvege.com\/wp-content\/uploads\/2025\/03\/481047201_605845135677014_4406761911590306530_n.jpg\" class=\"attachment-large size-large wp-image-883\" alt=\"\" srcset=\"https:\/\/catholique-francophone-norvege.com\/wp-content\/uploads\/2025\/03\/481047201_605845135677014_4406761911590306530_n.jpg 526w, https:\/\/catholique-francophone-norvege.com\/wp-content\/uploads\/2025\/03\/481047201_605845135677014_4406761911590306530_n-293x300.jpg 293w\" sizes=\"(max-width: 526px) 100vw, 526px\" \/>\t\t\t\t\t\t\t\t\t\t\t\t\t\t\t<\/div>\n\t\t\t\t<\/div>\n\t\t\t\t<div class=\"elementor-element elementor-element-07c3b94 elementor-widget elementor-widget-text-editor\" data-id=\"07c3b94\" data-element_type=\"widget\" data-widget_type=\"text-editor.default\">\n\t\t\t\t<div class=\"elementor-widget-container\">\n\t\t\t\t\t\t\t\t\t<div class=\"x11i5rnm xat24cr x1mh8g0r x1vvkbs xtlvy1s x126k92a\"><h2 dir=\"auto\">1. MARDI GRAS : le 04 mars 2025<\/h2><div dir=\"auto\">C&rsquo;est le dernier jour avant le Car\u00eame, marqu\u00e9 par des festivit\u00e9s et des c\u00e9l\u00e9brations avant le je\u00fbne et la p\u00e9nitence.<\/div><\/div><div class=\"x11i5rnm xat24cr x1mh8g0r x1vvkbs xtlvy1s x126k92a\"><div dir=\"auto\">Mardi 04, concert religieux \u00e0 st Olav, kl. 11.45<\/div><div dir=\"auto\">\u00a0<\/div><\/div><div class=\"x11i5rnm xat24cr x1mh8g0r x1vvkbs xtlvy1s x126k92a\"><h2 dir=\"auto\">2. MERCREDI DES CENDRES (D\u00e9but du Car\u00eame), le 05 mars 2025<\/h2><div dir=\"auto\">Jour de je\u00fbne et d&rsquo;abstinence. Les fid\u00e8les re\u00e7oivent les cendres sur le front en signe de repentance et de d\u00e9marche de conversion.<\/div><\/div><div class=\"x11i5rnm xat24cr x1mh8g0r x1vvkbs xtlvy1s x126k92a\"><div dir=\"auto\"><strong>Messe \u00e0 la chapelle du Centre Pastoral Vietnamien, kl. 17.30.<\/strong><\/div><div dir=\"auto\">\u00a0<\/div><h2 dir=\"auto\">Chaque mercredi:<\/h2><\/div><div class=\"x11i5rnm xat24cr x1mh8g0r x1vvkbs xtlvy1s x126k92a\"><div dir=\"auto\">Chemin de croix, en l&rsquo;\u00e9glise St Joseph, 17h15 &#8211; 18h00 !<\/div><\/div><div class=\"x11i5rnm xat24cr x1mh8g0r x1vvkbs xtlvy1s x126k92a\"><h2 dir=\"auto\">Jeudi 13 mars<\/h2><p dir=\"auto\">Soir\u00e9e de Louange et Adoration + Confession, \u00e0 st Joseph, kl. 19.00<\/p><\/div><div class=\"x11i5rnm xat24cr x1mh8g0r x1vvkbs xtlvy1s x126k92a\"><h2 dir=\"auto\">3. TEMPS DE CAR\u00caME (40 jours de pr\u00e9paration \u00e0 P\u00e2ques) le 05 mars au 17 avril 2025<\/h2><div dir=\"auto\">Les fid\u00e8les sont invit\u00e9s \u00e0 prier, je\u00fbner et faire l&rsquo;aum\u00f4ne pour se pr\u00e9parer \u00e0 la c\u00e9l\u00e9bration de la r\u00e9surrection du CHRIST.<\/div><div dir=\"auto\">\u00a0<\/div><\/div><div class=\"x11i5rnm xat24cr x1mh8g0r x1vvkbs xtlvy1s x126k92a\"><h2 dir=\"auto\">Samedi 15 mars kl. 10.00<\/h2><div dir=\"auto\">Retraite de Car\u00eame \u00e0 Oslo.<\/div><div dir=\"auto\">Salle Bx Carlo Acutis, Akerveien 16A,<\/div><div dir=\"auto\">\u00a0<\/div><\/div><div class=\"x11i5rnm xat24cr x1mh8g0r x1vvkbs xtlvy1s x126k92a\"><h2 dir=\"auto\">4. DIMANCHES DE CAR\u00caME<\/h2><\/div><div class=\"x11i5rnm xat24cr x1mh8g0r x1vvkbs xtlvy1s x126k92a\"><div dir=\"auto\">1er dimanche de Car\u00eame, le 09 mars 2025<\/div><div dir=\"auto\">2e dimanche de Car\u00eame, le 16 mars 2025<\/div><div dir=\"auto\">3e dimanche de Car\u00eame, le 23 mars 2025<\/div><div dir=\"auto\">4e dimanche de Car\u00eame (Laetare), le 30 mars 2025<\/div><div dir=\"auto\">5e dimanche de Car\u00eame, le 06 avril 2025<\/div><div dir=\"auto\">\u00a0<\/div><\/div><div class=\"x11i5rnm xat24cr x1mh8g0r x1vvkbs xtlvy1s x126k92a\"><h2 dir=\"auto\">5. SEMAINE SAINTE<\/h2><\/div><div class=\"x11i5rnm xat24cr x1mh8g0r x1vvkbs xtlvy1s x126k92a\"><div dir=\"auto\">&#8211; DIMANCHE DES RAMEAUX, le 13 avril 2025<\/div><div dir=\"auto\">C\u00e9l\u00e9bration de l&rsquo;entr\u00e9e triomphale de J\u00e9sus \u00e0 J\u00e9rusalem.<\/div><\/div><div class=\"x11i5rnm xat24cr x1mh8g0r x1vvkbs xtlvy1s x126k92a\"><div dir=\"auto\">Mardi 15, messe chrismale \u00e0 St Olav, kl. 18.00<\/div><div dir=\"auto\">\u00a0<\/div><\/div><div class=\"x11i5rnm xat24cr x1mh8g0r x1vvkbs xtlvy1s x126k92a\"><h2 dir=\"auto\">TRIDUUM PASCAL:<\/h2><\/div><div class=\"x11i5rnm xat24cr x1mh8g0r x1vvkbs xtlvy1s x126k92a\"><h2 dir=\"auto\">&#8211; JEUDI SAINT : le 17 avril 2025 &#8211; Messe \u00e0 st Joseph, kl. 10.00<\/h2><div dir=\"auto\">Comm\u00e9moration de la C\u00e8ne du Seigneur (dernier repas de J\u00e9sus avec ses disciples) et institution de l&rsquo;Eucharistie.<\/div><div dir=\"auto\">\u00a0<\/div><\/div><div class=\"x11i5rnm xat24cr x1mh8g0r x1vvkbs xtlvy1s x126k92a\"><h2 dir=\"auto\">&#8211; VENDREDI SAINT : le 18 avril 2025 &#8211; Messe \u00e0 st Joseph, kl. 19.30<\/h2><div dir=\"auto\">Jour de je\u00fbne et d&rsquo;abstinence. Comm\u00e9moration de la Passion et de la mort de J\u00e9sus sur la croix.<\/div><div dir=\"auto\">\u00a0<\/div><\/div><div class=\"x11i5rnm xat24cr x1mh8g0r x1vvkbs xtlvy1s x126k92a\"><h2 dir=\"auto\">&#8211; SAMEDI SAINT, le 19 avril 2025 &#8211; Messe \u00e0 st Joseph, kl. 18.00<\/h2><div dir=\"auto\">Vigile pascale.<\/div><div dir=\"auto\">Jour de silence et de recueillement en attendant la r\u00e9surrection.<\/div><\/div><div class=\"x11i5rnm xat24cr x1mh8g0r x1vvkbs xtlvy1s x126k92a\"><h2 dir=\"auto\">&#8211; DIMANCHE DE P\u00c2QUES, le 20 avril 2025 &#8211; Messe \u00e0 st Joseph, kl. 16.00<\/h2><div dir=\"auto\">C\u00e9l\u00e9bration de la r\u00e9surrection de J\u00e9sus-Christ, sommet de la foi chr\u00e9tienne.<\/div><div dir=\"auto\">\u00a0<\/div><\/div><div class=\"x11i5rnm xat24cr x1mh8g0r x1vvkbs xtlvy1s x126k92a\"><h1 dir=\"auto\" style=\"text-align: center;\">QUE DIEU NOUS B\u00c9NISSE<\/h1><\/div>\t\t\t\t\t\t\t\t<\/div>\n\t\t\t\t<\/div>\n\t\t\t\t<\/div>\n\t\t\t\t\t<\/div>\n\t\t\t\t<\/div>\n\t\t<div class=\"elementor-element elementor-element-b3ecfa3 e-flex e-con-boxed e-con e-parent\" data-id=\"b3ecfa3\" data-element_type=\"container\">\n\t\t\t\t\t<div class=\"e-con-inner\">\n\t\t\t\t<div class=\"elementor-element elementor-element-56c0221 elementor-widget elementor-widget-button\" data-id=\"56c0221\" data-element_type=\"widget\" data-widget_type=\"button.default\">\n\t\t\t\t<div class=\"elementor-widget-container\">\n\t\t\t\t\t\t\t\t\t<div class=\"elementor-button-wrapper\">\n\t\t\t\t\t<a class=\"elementor-button elementor-button-link elementor-size-sm\" href=\"#\">\n\t\t\t\t\t\t<span class=\"elementor-button-content-wrapper\">\n\t\t\t\t\t\t\t\t\t<span class=\"elementor-button-text\">Cliquez ici<\/span>\n\t\t\t\t\t<\/span>\n\t\t\t\t\t<\/a>\n\t\t\t\t<\/div>\n\t\t\t\t\t\t\t\t<\/div>\n\t\t\t\t<\/div>\n\t\t\t\t\t<\/div>\n\t\t\t\t<\/div>\n\t\t\t\t<\/div>\n\t\t","protected":false},"excerpt":{"rendered":"<p>1. MARDI GRAS : le 04 mars 2025 C&rsquo;est le dernier jour avant le Car\u00eame, marqu\u00e9 par des festivit\u00e9s et des c\u00e9l\u00e9brations avant le je\u00fbne et la p\u00e9nitence.Mardi 04, concert religieux \u00e0 st Olav, kl. 11.45\u00a0 2. MERCREDI DES CENDRES (D\u00e9but du Car\u00eame), le 05 mars 2025 Jour de je\u00fbne et d&rsquo;abstinence. Les fid\u00e8les re\u00e7oivent [&hellip;]<\/p>\n","protected":false},"author":2,"featured_media":0,"comment_status":"open","ping_status":"open","sticky":false,"template":"","format":"standard","meta":{"_jetpack_memberships_contains_paid_content":false,"footnotes":""},"categories":[1],"tags":[],"class_list":["post-881","post","type-post","status-publish","format-standard","hentry","category-non-classe","entry"],"yoast_head":"<!-- This site is optimized with the Yoast SEO plugin v24.3 - https:\/\/yoast.com\/wordpress\/plugins\/seo\/ -->\n<title>AGENDA DU TEMPS DE CAR\u00caME 2025 - Communaut\u00e9 Catholique Francophone en Norv\u00e8ge<\/title>\n<meta name=\"robots\" content=\"index, follow, max-snippet:-1, max-image-preview:large, max-video-preview:-1\" \/>\n<link rel=\"canonical\" href=\"https:\/\/catholique-francophone-norvege.com\/index.php\/2025\/03\/03\/agenda-du-temps-de-careme-2025\/\" \/>\n<meta property=\"og:locale\" content=\"fr_FR\" \/>\n<meta property=\"og:type\" content=\"article\" \/>\n<meta property=\"og:title\" content=\"AGENDA DU TEMPS DE CAR\u00caME 2025 - Communaut\u00e9 Catholique Francophone en Norv\u00e8ge\" \/>\n<meta property=\"og:description\" content=\"1. MARDI GRAS : le 04 mars 2025 C&rsquo;est le dernier jour avant le Car\u00eame, marqu\u00e9 par des festivit\u00e9s et des c\u00e9l\u00e9brations avant le je\u00fbne et la p\u00e9nitence.Mardi 04, concert religieux \u00e0 st Olav, kl. 11.45\u00a0 2. MERCREDI DES CENDRES (D\u00e9but du Car\u00eame), le 05 mars 2025 Jour de je\u00fbne et d&rsquo;abstinence. Les fid\u00e8les re\u00e7oivent [&hellip;]\" \/>\n<meta property=\"og:url\" content=\"https:\/\/catholique-francophone-norvege.com\/index.php\/2025\/03\/03\/agenda-du-temps-de-careme-2025\/\" \/>\n<meta property=\"og:site_name\" content=\"Communaut\u00e9 Catholique Francophone en Norv\u00e8ge\" \/>\n<meta property=\"article:published_time\" content=\"2025-03-03T09:00:39+00:00\" \/>\n<meta property=\"article:modified_time\" content=\"2025-03-03T09:10:41+00:00\" \/>\n<meta property=\"og:image\" content=\"https:\/\/catholique-francophone-norvege.com\/wp-content\/uploads\/2025\/03\/481047201_605845135677014_4406761911590306530_n.jpg\" \/>\n\t<meta property=\"og:image:width\" content=\"526\" \/>\n\t<meta property=\"og:image:height\" content=\"539\" \/>\n\t<meta property=\"og:image:type\" content=\"image\/jpeg\" \/>\n<meta name=\"author\" content=\"M\u00e9lanie Coelho\" \/>\n<meta name=\"twitter:card\" content=\"summary_large_image\" \/>\n<meta name=\"twitter:label1\" content=\"\u00c9crit par\" \/>\n\t<meta name=\"twitter:data1\" content=\"M\u00e9lanie Coelho\" \/>\n\t<meta name=\"twitter:label2\" content=\"Dur\u00e9e de lecture estim\u00e9e\" \/>\n\t<meta name=\"twitter:data2\" content=\"1 minute\" \/>\n<script type=\"application\/ld+json\" class=\"yoast-schema-graph\">{\"@context\":\"https:\/\/schema.org\",\"@graph\":[{\"@type\":\"Article\",\"@id\":\"https:\/\/catholique-francophone-norvege.com\/index.php\/2025\/03\/03\/agenda-du-temps-de-careme-2025\/#article\",\"isPartOf\":{\"@id\":\"https:\/\/catholique-francophone-norvege.com\/index.php\/2025\/03\/03\/agenda-du-temps-de-careme-2025\/\"},\"author\":{\"name\":\"M\u00e9lanie Coelho\",\"@id\":\"https:\/\/catholique-francophone-norvege.com\/#\/schema\/person\/13cda38dc5f8a84af65e5e8a3d79bfa0\"},\"headline\":\"AGENDA DU TEMPS DE CAR\u00caME 2025\",\"datePublished\":\"2025-03-03T09:00:39+00:00\",\"dateModified\":\"2025-03-03T09:10:41+00:00\",\"mainEntityOfPage\":{\"@id\":\"https:\/\/catholique-francophone-norvege.com\/index.php\/2025\/03\/03\/agenda-du-temps-de-careme-2025\/\"},\"wordCount\":352,\"commentCount\":0,\"publisher\":{\"@id\":\"https:\/\/catholique-francophone-norvege.com\/#organization\"},\"image\":{\"@id\":\"https:\/\/catholique-francophone-norvege.com\/index.php\/2025\/03\/03\/agenda-du-temps-de-careme-2025\/#primaryimage\"},\"thumbnailUrl\":\"http:\/\/catholique-francophone-norvege.com\/wp-content\/uploads\/2025\/03\/481047201_605845135677014_4406761911590306530_n.jpg\",\"inLanguage\":\"fr-FR\",\"potentialAction\":[{\"@type\":\"CommentAction\",\"name\":\"Comment\",\"target\":[\"https:\/\/catholique-francophone-norvege.com\/index.php\/2025\/03\/03\/agenda-du-temps-de-careme-2025\/#respond\"]}]},{\"@type\":\"WebPage\",\"@id\":\"https:\/\/catholique-francophone-norvege.com\/index.php\/2025\/03\/03\/agenda-du-temps-de-careme-2025\/\",\"url\":\"https:\/\/catholique-francophone-norvege.com\/index.php\/2025\/03\/03\/agenda-du-temps-de-careme-2025\/\",\"name\":\"AGENDA DU TEMPS DE CAR\u00caME 2025 - Communaut\u00e9 Catholique Francophone en Norv\u00e8ge\",\"isPartOf\":{\"@id\":\"https:\/\/catholique-francophone-norvege.com\/#website\"},\"primaryImageOfPage\":{\"@id\":\"https:\/\/catholique-francophone-norvege.com\/index.php\/2025\/03\/03\/agenda-du-temps-de-careme-2025\/#primaryimage\"},\"image\":{\"@id\":\"https:\/\/catholique-francophone-norvege.com\/index.php\/2025\/03\/03\/agenda-du-temps-de-careme-2025\/#primaryimage\"},\"thumbnailUrl\":\"http:\/\/catholique-francophone-norvege.com\/wp-content\/uploads\/2025\/03\/481047201_605845135677014_4406761911590306530_n.jpg\",\"datePublished\":\"2025-03-03T09:00:39+00:00\",\"dateModified\":\"2025-03-03T09:10:41+00:00\",\"breadcrumb\":{\"@id\":\"https:\/\/catholique-francophone-norvege.com\/index.php\/2025\/03\/03\/agenda-du-temps-de-careme-2025\/#breadcrumb\"},\"inLanguage\":\"fr-FR\",\"potentialAction\":[{\"@type\":\"ReadAction\",\"target\":[\"https:\/\/catholique-francophone-norvege.com\/index.php\/2025\/03\/03\/agenda-du-temps-de-careme-2025\/\"]}]},{\"@type\":\"ImageObject\",\"inLanguage\":\"fr-FR\",\"@id\":\"https:\/\/catholique-francophone-norvege.com\/index.php\/2025\/03\/03\/agenda-du-temps-de-careme-2025\/#primaryimage\",\"url\":\"https:\/\/catholique-francophone-norvege.com\/wp-content\/uploads\/2025\/03\/481047201_605845135677014_4406761911590306530_n.jpg\",\"contentUrl\":\"https:\/\/catholique-francophone-norvege.com\/wp-content\/uploads\/2025\/03\/481047201_605845135677014_4406761911590306530_n.jpg\",\"width\":526,\"height\":539},{\"@type\":\"BreadcrumbList\",\"@id\":\"https:\/\/catholique-francophone-norvege.com\/index.php\/2025\/03\/03\/agenda-du-temps-de-careme-2025\/#breadcrumb\",\"itemListElement\":[{\"@type\":\"ListItem\",\"position\":1,\"name\":\"Accueil\",\"item\":\"https:\/\/catholique-francophone-norvege.com\/\"},{\"@type\":\"ListItem\",\"position\":2,\"name\":\"AGENDA DU TEMPS DE CAR\u00caME 2025\"}]},{\"@type\":\"WebSite\",\"@id\":\"https:\/\/catholique-francophone-norvege.com\/#website\",\"url\":\"https:\/\/catholique-francophone-norvege.com\/\",\"name\":\"Communaut\u00e9 Catholique Francophone en Norv\u00e8ge\",\"description\":\"Toutes les informations utiles pour les catholiques francophones en Norv\u00e8ge : horaires des messes, inscriptions au cat\u00e9chisme, activit\u00e9s paroissiales,...\",\"publisher\":{\"@id\":\"https:\/\/catholique-francophone-norvege.com\/#organization\"},\"potentialAction\":[{\"@type\":\"SearchAction\",\"target\":{\"@type\":\"EntryPoint\",\"urlTemplate\":\"https:\/\/catholique-francophone-norvege.com\/?s={search_term_string}\"},\"query-input\":{\"@type\":\"PropertyValueSpecification\",\"valueRequired\":true,\"valueName\":\"search_term_string\"}}],\"inLanguage\":\"fr-FR\"},{\"@type\":\"Organization\",\"@id\":\"https:\/\/catholique-francophone-norvege.com\/#organization\",\"name\":\"Communaut\u00e9 Catholique Francophone en Norv\u00e8ge\",\"url\":\"https:\/\/catholique-francophone-norvege.com\/\",\"logo\":{\"@type\":\"ImageObject\",\"inLanguage\":\"fr-FR\",\"@id\":\"https:\/\/catholique-francophone-norvege.com\/#\/schema\/logo\/image\/\",\"url\":\"https:\/\/catholique-francophone-norvege.com\/wp-content\/uploads\/2024\/08\/cropped-logo-st-Olav_FR_NOR.png\",\"contentUrl\":\"https:\/\/catholique-francophone-norvege.com\/wp-content\/uploads\/2024\/08\/cropped-logo-st-Olav_FR_NOR.png\",\"width\":512,\"height\":512,\"caption\":\"Communaut\u00e9 Catholique Francophone en Norv\u00e8ge\"},\"image\":{\"@id\":\"https:\/\/catholique-francophone-norvege.com\/#\/schema\/logo\/image\/\"}},{\"@type\":\"Person\",\"@id\":\"https:\/\/catholique-francophone-norvege.com\/#\/schema\/person\/13cda38dc5f8a84af65e5e8a3d79bfa0\",\"name\":\"M\u00e9lanie Coelho\",\"image\":{\"@type\":\"ImageObject\",\"inLanguage\":\"fr-FR\",\"@id\":\"https:\/\/catholique-francophone-norvege.com\/#\/schema\/person\/image\/\",\"url\":\"https:\/\/secure.gravatar.com\/avatar\/b3401938dea815db5178531ad055903aa7f313b4cbc3a95cd494562c06a7a5a3?s=96&d=mm&r=g\",\"contentUrl\":\"https:\/\/secure.gravatar.com\/avatar\/b3401938dea815db5178531ad055903aa7f313b4cbc3a95cd494562c06a7a5a3?s=96&d=mm&r=g\",\"caption\":\"M\u00e9lanie Coelho\"},\"url\":\"https:\/\/catholique-francophone-norvege.com\/index.php\/author\/webmaster\/\"}]}<\/script>\n<!-- \/ Yoast SEO plugin. -->","yoast_head_json":{"title":"AGENDA DU TEMPS DE CAR\u00caME 2025 - Communaut\u00e9 Catholique Francophone en Norv\u00e8ge","robots":{"index":"index","follow":"follow","max-snippet":"max-snippet:-1","max-image-preview":"max-image-preview:large","max-video-preview":"max-video-preview:-1"},"canonical":"https:\/\/catholique-francophone-norvege.com\/index.php\/2025\/03\/03\/agenda-du-temps-de-careme-2025\/","og_locale":"fr_FR","og_type":"article","og_title":"AGENDA DU TEMPS DE CAR\u00caME 2025 - Communaut\u00e9 Catholique Francophone en Norv\u00e8ge","og_description":"1. MARDI GRAS : le 04 mars 2025 C&rsquo;est le dernier jour avant le Car\u00eame, marqu\u00e9 par des festivit\u00e9s et des c\u00e9l\u00e9brations avant le je\u00fbne et la p\u00e9nitence.Mardi 04, concert religieux \u00e0 st Olav, kl. 11.45\u00a0 2. MERCREDI DES CENDRES (D\u00e9but du Car\u00eame), le 05 mars 2025 Jour de je\u00fbne et d&rsquo;abstinence. Les fid\u00e8les re\u00e7oivent [&hellip;]","og_url":"https:\/\/catholique-francophone-norvege.com\/index.php\/2025\/03\/03\/agenda-du-temps-de-careme-2025\/","og_site_name":"Communaut\u00e9 Catholique Francophone en Norv\u00e8ge","article_published_time":"2025-03-03T09:00:39+00:00","article_modified_time":"2025-03-03T09:10:41+00:00","og_image":[{"width":526,"height":539,"url":"https:\/\/catholique-francophone-norvege.com\/wp-content\/uploads\/2025\/03\/481047201_605845135677014_4406761911590306530_n.jpg","type":"image\/jpeg"}],"author":"M\u00e9lanie Coelho","twitter_card":"summary_large_image","twitter_misc":{"\u00c9crit par":"M\u00e9lanie Coelho","Dur\u00e9e de lecture estim\u00e9e":"1 minute"},"schema":{"@context":"https:\/\/schema.org","@graph":[{"@type":"Article","@id":"https:\/\/catholique-francophone-norvege.com\/index.php\/2025\/03\/03\/agenda-du-temps-de-careme-2025\/#article","isPartOf":{"@id":"https:\/\/catholique-francophone-norvege.com\/index.php\/2025\/03\/03\/agenda-du-temps-de-careme-2025\/"},"author":{"name":"M\u00e9lanie Coelho","@id":"https:\/\/catholique-francophone-norvege.com\/#\/schema\/person\/13cda38dc5f8a84af65e5e8a3d79bfa0"},"headline":"AGENDA DU TEMPS DE CAR\u00caME 2025","datePublished":"2025-03-03T09:00:39+00:00","dateModified":"2025-03-03T09:10:41+00:00","mainEntityOfPage":{"@id":"https:\/\/catholique-francophone-norvege.com\/index.php\/2025\/03\/03\/agenda-du-temps-de-careme-2025\/"},"wordCount":352,"commentCount":0,"publisher":{"@id":"https:\/\/catholique-francophone-norvege.com\/#organization"},"image":{"@id":"https:\/\/catholique-francophone-norvege.com\/index.php\/2025\/03\/03\/agenda-du-temps-de-careme-2025\/#primaryimage"},"thumbnailUrl":"http:\/\/catholique-francophone-norvege.com\/wp-content\/uploads\/2025\/03\/481047201_605845135677014_4406761911590306530_n.jpg","inLanguage":"fr-FR","potentialAction":[{"@type":"CommentAction","name":"Comment","target":["https:\/\/catholique-francophone-norvege.com\/index.php\/2025\/03\/03\/agenda-du-temps-de-careme-2025\/#respond"]}]},{"@type":"WebPage","@id":"https:\/\/catholique-francophone-norvege.com\/index.php\/2025\/03\/03\/agenda-du-temps-de-careme-2025\/","url":"https:\/\/catholique-francophone-norvege.com\/index.php\/2025\/03\/03\/agenda-du-temps-de-careme-2025\/","name":"AGENDA DU TEMPS DE CAR\u00caME 2025 - Communaut\u00e9 Catholique Francophone en Norv\u00e8ge","isPartOf":{"@id":"https:\/\/catholique-francophone-norvege.com\/#website"},"primaryImageOfPage":{"@id":"https:\/\/catholique-francophone-norvege.com\/index.php\/2025\/03\/03\/agenda-du-temps-de-careme-2025\/#primaryimage"},"image":{"@id":"https:\/\/catholique-francophone-norvege.com\/index.php\/2025\/03\/03\/agenda-du-temps-de-careme-2025\/#primaryimage"},"thumbnailUrl":"http:\/\/catholique-francophone-norvege.com\/wp-content\/uploads\/2025\/03\/481047201_605845135677014_4406761911590306530_n.jpg","datePublished":"2025-03-03T09:00:39+00:00","dateModified":"2025-03-03T09:10:41+00:00","breadcrumb":{"@id":"https:\/\/catholique-francophone-norvege.com\/index.php\/2025\/03\/03\/agenda-du-temps-de-careme-2025\/#breadcrumb"},"inLanguage":"fr-FR","potentialAction":[{"@type":"ReadAction","target":["https:\/\/catholique-francophone-norvege.com\/index.php\/2025\/03\/03\/agenda-du-temps-de-careme-2025\/"]}]},{"@type":"ImageObject","inLanguage":"fr-FR","@id":"https:\/\/catholique-francophone-norvege.com\/index.php\/2025\/03\/03\/agenda-du-temps-de-careme-2025\/#primaryimage","url":"https:\/\/catholique-francophone-norvege.com\/wp-content\/uploads\/2025\/03\/481047201_605845135677014_4406761911590306530_n.jpg","contentUrl":"https:\/\/catholique-francophone-norvege.com\/wp-content\/uploads\/2025\/03\/481047201_605845135677014_4406761911590306530_n.jpg","width":526,"height":539},{"@type":"BreadcrumbList","@id":"https:\/\/catholique-francophone-norvege.com\/index.php\/2025\/03\/03\/agenda-du-temps-de-careme-2025\/#breadcrumb","itemListElement":[{"@type":"ListItem","position":1,"name":"Accueil","item":"https:\/\/catholique-francophone-norvege.com\/"},{"@type":"ListItem","position":2,"name":"AGENDA DU TEMPS DE CAR\u00caME 2025"}]},{"@type":"WebSite","@id":"https:\/\/catholique-francophone-norvege.com\/#website","url":"https:\/\/catholique-francophone-norvege.com\/","name":"Communaut\u00e9 Catholique Francophone en Norv\u00e8ge","description":"Toutes les informations utiles pour les catholiques francophones en Norv\u00e8ge : horaires des messes, inscriptions au cat\u00e9chisme, activit\u00e9s paroissiales,...","publisher":{"@id":"https:\/\/catholique-francophone-norvege.com\/#organization"},"potentialAction":[{"@type":"SearchAction","target":{"@type":"EntryPoint","urlTemplate":"https:\/\/catholique-francophone-norvege.com\/?s={search_term_string}"},"query-input":{"@type":"PropertyValueSpecification","valueRequired":true,"valueName":"search_term_string"}}],"inLanguage":"fr-FR"},{"@type":"Organization","@id":"https:\/\/catholique-francophone-norvege.com\/#organization","name":"Communaut\u00e9 Catholique Francophone en Norv\u00e8ge","url":"https:\/\/catholique-francophone-norvege.com\/","logo":{"@type":"ImageObject","inLanguage":"fr-FR","@id":"https:\/\/catholique-francophone-norvege.com\/#\/schema\/logo\/image\/","url":"https:\/\/catholique-francophone-norvege.com\/wp-content\/uploads\/2024\/08\/cropped-logo-st-Olav_FR_NOR.png","contentUrl":"https:\/\/catholique-francophone-norvege.com\/wp-content\/uploads\/2024\/08\/cropped-logo-st-Olav_FR_NOR.png","width":512,"height":512,"caption":"Communaut\u00e9 Catholique Francophone en Norv\u00e8ge"},"image":{"@id":"https:\/\/catholique-francophone-norvege.com\/#\/schema\/logo\/image\/"}},{"@type":"Person","@id":"https:\/\/catholique-francophone-norvege.com\/#\/schema\/person\/13cda38dc5f8a84af65e5e8a3d79bfa0","name":"M\u00e9lanie Coelho","image":{"@type":"ImageObject","inLanguage":"fr-FR","@id":"https:\/\/catholique-francophone-norvege.com\/#\/schema\/person\/image\/","url":"https:\/\/secure.gravatar.com\/avatar\/b3401938dea815db5178531ad055903aa7f313b4cbc3a95cd494562c06a7a5a3?s=96&d=mm&r=g","contentUrl":"https:\/\/secure.gravatar.com\/avatar\/b3401938dea815db5178531ad055903aa7f313b4cbc3a95cd494562c06a7a5a3?s=96&d=mm&r=g","caption":"M\u00e9lanie Coelho"},"url":"https:\/\/catholique-francophone-norvege.com\/index.php\/author\/webmaster\/"}]}},"jetpack_sharing_enabled":true,"jetpack_featured_media_url":"","_links":{"self":[{"href":"https:\/\/catholique-francophone-norvege.com\/index.php\/wp-json\/wp\/v2\/posts\/881","targetHints":{"allow":["GET"]}}],"collection":[{"href":"https:\/\/catholique-francophone-norvege.com\/index.php\/wp-json\/wp\/v2\/posts"}],"about":[{"href":"https:\/\/catholique-francophone-norvege.com\/index.php\/wp-json\/wp\/v2\/types\/post"}],"author":[{"embeddable":true,"href":"https:\/\/catholique-francophone-norvege.com\/index.php\/wp-json\/wp\/v2\/users\/2"}],"replies":[{"embeddable":true,"href":"https:\/\/catholique-francophone-norvege.com\/index.php\/wp-json\/wp\/v2\/comments?post=881"}],"version-history":[{"count":7,"href":"https:\/\/catholique-francophone-norvege.com\/index.php\/wp-json\/wp\/v2\/posts\/881\/revisions"}],"predecessor-version":[{"id":890,"href":"https:\/\/catholique-francophone-norvege.com\/index.php\/wp-json\/wp\/v2\/posts\/881\/revisions\/890"}],"wp:attachment":[{"href":"https:\/\/catholique-francophone-norvege.com\/index.php\/wp-json\/wp\/v2\/media?parent=881"}],"wp:term":[{"taxonomy":"category","embeddable":true,"href":"https:\/\/catholique-francophone-norvege.com\/index.php\/wp-json\/wp\/v2\/categories?post=881"},{"taxonomy":"post_tag","embeddable":true,"href":"https:\/\/catholique-francophone-norvege.com\/index.php\/wp-json\/wp\/v2\/tags?post=881"}],"curies":[{"name":"wp","href":"https:\/\/api.w.org\/{rel}","templated":true}]}}